{"id":4883,"date":"2019-04-15T10:32:28","date_gmt":"2019-04-15T10:32:28","guid":{"rendered":"http:\/\/www.palancares.com\/?p=4883"},"modified":"2025-06-04T13:45:39","modified_gmt":"2025-06-04T11:45:39","slug":"proyecto-de-instalacion-solar-fotovoltaica-para-autoconsumo","status":"publish","type":"post","link":"https:\/\/www.palancares.com\/index.php\/2019\/04\/15\/proyecto-de-instalacion-solar-fotovoltaica-para-autoconsumo\/","title":{"rendered":"Proyecto de instalaci\u00f3n solar fotovoltaica para autoconsumo"},"content":{"rendered":"[et_pb_section fb_built=\u00bb1&#8243; admin_label=\u00bbsection\u00bb _builder_version=\u00bb3.22&#8243; custom_padding=\u00bb0px||0px|||\u00bb][et_pb_row admin_label=\u00bbrow\u00bb _builder_version=\u00bb3.25&#8243; background_size=\u00bbinitial\u00bb background_position=\u00bbtop_left\u00bb background_repeat=\u00bbrepeat\u00bb width=\u00bb100%\u00bb custom_padding=\u00bb0px|0px|0px|0px|false|false\u00bb][et_pb_column type=\u00bb4_4&#8243; _builder_version=\u00bb3.25&#8243; custom_padding=\u00bb|||\u00bb custom_padding__hover=\u00bb|||\u00bb][et_pb_text admin_label=\u00bbText\u00bb _builder_version=\u00bb4.4.8&#8243; text_text_color=\u00bb#333333&#8243; text_font_size=\u00bb18px\u00bb text_line_height=\u00bb1.8em\u00bb header_2_font=\u00bbBarlow Semi Condensed|600|||||||\u00bb header_2_font_size=\u00bb45px\u00bb header_2_letter_spacing=\u00bb1px\u00bb header_3_font=\u00bbBarlow Semi Condensed|500|||||||\u00bb header_3_text_color=\u00bb#0f2138&#8243; header_3_font_size=\u00bb32px\u00bb background_size=\u00bbinitial\u00bb background_position=\u00bbtop_left\u00bb background_repeat=\u00bbrepeat\u00bb text_font_size_tablet=\u00bb\u00bb text_font_size_phone=\u00bb\u00bb text_font_size_last_edited=\u00bbon|tablet\u00bb header_2_font_size_tablet=\u00bb40px\u00bb header_2_font_size_phone=\u00bb35px\u00bb header_2_font_size_last_edited=\u00bbon|phone\u00bb header_3_font_size_tablet=\u00bb30px\u00bb header_3_font_size_phone=\u00bb28px\u00bb header_3_font_size_last_edited=\u00bbon|phone\u00bb]<p><\/p>\n<p><strong>El objeto de la actuaci\u00f3n es el uso de energ\u00edas renovables, con una inversi\u00f3n de 484.000\u20ac, disminuir\u00e1 el impacto ambiental de la actividad industrial en m\u00e1s de un 23%.<\/strong><\/p>\n<p>PALANCARES ALIMENTACI\u00d3N ha iniciado un proyecto de implantaci\u00f3n de una instalaci\u00f3n solar fotovoltaica para autoconsumo, con una potencia nominal de 400 kW, que permitir\u00e1 reducir el consumo de energ\u00eda convencional en m\u00e1s de 58 tep\/a\u00f1o as\u00ed como las emisiones de CO2\/a\u00f1o en m\u00e1s de 235 tCO2\/a\u00f1o.<\/p>\n<p>EL proyecto responde a uno de los pilares fundamentales de la estrategia de Responsabilidad Social Corporativa de PALANCARES ALIMENTACI\u00d3N, el compromiso con el medioambiente.<\/p>\n<p>Gracias a la medida se conseguir\u00e1 las siguientes mejoras:<\/p>\n<ul>\n<li>Contribuci\u00f3n a la disminuci\u00f3n del impacto ambiental.<\/li>\n<li>Reducir el consumo energ\u00e9tico convencional de la industria.<\/li>\n<\/ul>\n<p>La actuaci\u00f3n ha sido cofinanciada por el Fondo Europeo de Desarrollo Regional (FEDER), dentro del Programa Operativo FEDER 2014-2020 para la Regi\u00f3n de Murcia, con 160.000\u20ac.<\/p>\n<p><img fetchpriority=\"high\" decoding=\"async\" class=\"alignleft size-full wp-image-4885\" src=\"https:\/\/www.palancares.com\/wp-content\/uploads\/2019\/04\/palancares-UE.png\" alt=\"\" width=\"538\" height=\"150\" \/><\/p>[\/et_pb_text][\/et_pb_column][\/et_pb_row][\/et_pb_section]","protected":false},"excerpt":{"rendered":"<p>[et_pb_section fb_built=\u00bb1&#8243; admin_label=\u00bbsection\u00bb _builder_version=\u00bb3.22&#8243; custom_padding=\u00bb0px||0px|||\u00bb][et_pb_row admin_label=\u00bbrow\u00bb _builder_version=\u00bb3.25&#8243; background_size=\u00bbinitial\u00bb background_position=\u00bbtop_left\u00bb background_repeat=\u00bbrepeat\u00bb width=\u00bb100%\u00bb custom_padding=\u00bb0px|0px|0px|0px|false|false\u00bb][et_pb_column type=\u00bb4_4&#8243; _builder_version=\u00bb3.25&#8243; custom_padding=\u00bb|||\u00bb custom_padding__hover=\u00bb|||\u00bb][et_pb_text admin_label=\u00bbText\u00bb _builder_version=\u00bb4.4.8&#8243; text_text_color=\u00bb#333333&#8243; text_font_size=\u00bb18px\u00bb text_line_height=\u00bb1.8em\u00bb header_2_font=\u00bbBarlow Semi Condensed|600|||||||\u00bb header_2_font_size=\u00bb45px\u00bb header_2_letter_spacing=\u00bb1px\u00bb header_3_font=\u00bbBarlow Semi Condensed|500|||||||\u00bb header_3_text_color=\u00bb#0f2138&#8243; header_3_font_size=\u00bb32px\u00bb background_size=\u00bbinitial\u00bb background_position=\u00bbtop_left\u00bb background_repeat=\u00bbrepeat\u00bb text_font_size_tablet=\u00bb\u00bb text_font_size_phone=\u00bb\u00bb text_font_size_last_edited=\u00bbon|tablet\u00bb header_2_font_size_tablet=\u00bb40px\u00bb header_2_font_size_phone=\u00bb35px\u00bb header_2_font_size_last_edited=\u00bbon|phone\u00bb header_3_font_size_tablet=\u00bb30px\u00bb header_3_font_size_phone=\u00bb28px\u00bb header_3_font_size_last_edited=\u00bbon|phone\u00bb] El objeto de la actuaci\u00f3n es el uso de energ\u00edas renovables, con [&hellip;]<\/p>\n","protected":false},"author":2,"featured_media":9366,"comment_status":"open","ping_status":"open","sticky":false,"template":"","format":"standard","meta":{"footnotes":""},"categories":[73],"tags":[],"class_list":["post-4883","post","type-post","status-publish","format-standard","has-post-thumbnail","hentry","category-noticias"],"_links":{"self":[{"href":"https:\/\/www.palancares.com\/index.php\/wp-json\/wp\/v2\/posts\/4883","targetHints":{"allow":["GET"]}}],"collection":[{"href":"https:\/\/www.palancares.com\/index.php\/wp-json\/wp\/v2\/posts"}],"about":[{"href":"https:\/\/www.palancares.com\/index.php\/wp-json\/wp\/v2\/types\/post"}],"author":[{"embeddable":true,"href":"https:\/\/www.palancares.com\/index.php\/wp-json\/wp\/v2\/users\/2"}],"replies":[{"embeddable":true,"href":"https:\/\/www.palancares.com\/index.php\/wp-json\/wp\/v2\/comments?post=4883"}],"version-history":[{"count":1,"href":"https:\/\/www.palancares.com\/index.php\/wp-json\/wp\/v2\/posts\/4883\/revisions"}],"predecessor-version":[{"id":9367,"href":"https:\/\/www.palancares.com\/index.php\/wp-json\/wp\/v2\/posts\/4883\/revisions\/9367"}],"wp:featuredmedia":[{"embeddable":true,"href":"https:\/\/www.palancares.com\/index.php\/wp-json\/wp\/v2\/media\/9366"}],"wp:attachment":[{"href":"https:\/\/www.palancares.com\/index.php\/wp-json\/wp\/v2\/media?parent=4883"}],"wp:term":[{"taxonomy":"category","embeddable":true,"href":"https:\/\/www.palancares.com\/index.php\/wp-json\/wp\/v2\/categories?post=4883"},{"taxonomy":"post_tag","embeddable":true,"href":"https:\/\/www.palancares.com\/index.php\/wp-json\/wp\/v2\/tags?post=4883"}],"curies":[{"name":"wp","href":"https:\/\/api.w.org\/{rel}","templated":true}]}}